{"id":17454,"date":"2024-12-18T08:50:33","date_gmt":"2024-12-18T07:50:33","guid":{"rendered":"https:\/\/www.crowdfarming.com\/sin-categoria\/la-resiliencia-tras-la-tormenta\/"},"modified":"2025-12-19T16:00:06","modified_gmt":"2025-12-19T15:00:06","slug":"la-resiliencia-tras-la-tormenta","status":"publish","type":"post","link":"https:\/\/www.crowdfarming.com\/what-the-field\/es\/sociedad\/la-resiliencia-tras-la-tormenta\/","title":{"rendered":"La resiliencia tras la tormenta"},"content":{"rendered":"\n<p>M\u00e1s de un mes despu\u00e9s de las fuertes tormentas e inundaciones que asolaron Valencia y gran parte de la costa mediterr\u00e1nea Espa\u00f1ola, las secuelas siguen siendo evidentes.<strong> <em>\u201cY nos quedan muchos a\u00f1os para reponernos\u201d<\/em> <\/strong>nos dicen los agricultores afectados con los que hablamos.&nbsp;<br><br><\/p>\n\n\n\n<p>Tras las inundaciones de Valencia, os informamos de que los trabajadores y agricultores de CrowdFarming estaban bien, aunque algunos s\u00ed hab\u00edan sufrido da\u00f1os materiales. Conforme ha ido pasando el tiempo, hemos podido conoce<strong>r las consecuencias m\u00e1s profundas que las lluvias e inundaciones han tenido en el campo y en su tejido socioecon\u00f3mico. <\/strong>Tambi\u00e9n hemos sido testigos de la cara m\u00e1s solidaria de los agricultores.&nbsp;<br><br><\/p>\n\n\n\n<h2 class=\"wp-block-heading\">Cultivando Solidaridad<br><br><\/h2>\n\n\n\n<figure class=\"wp-block-image size-large\"><img decoding=\"async\" src=\"https:\/\/www.crowdfarming.com\/what-the-field\/wp-content\/uploads\/2025\/12\/blog-1-muddy-field-2-1024x576.jpg\" alt=\"\" class=\"wp-image-25188\"\/><\/figure>\n\n\n\n<h2 class=\"wp-block-heading\"><br><\/h2>\n\n\n\n<p>Iv\u00e1n, desde la <a href=\"https:\/\/www.hortacuina.org\/\">ONG CERAI y su iniciativa Horta Cuina<\/a>, coordina desde hace un tiempo a peque\u00f1os agricultores locales &#8211; en su mayor\u00eda ecol\u00f3gicos &#8211; para proveer de fruta y verdura ecol\u00f3gica a los colegios valencianos. Este grupo de agricultores suministra <a href=\"https:\/\/www.crowdfarming.com\/en\/subscription-box\/veg-box\">verduras para la suscripci\u00f3n mensual de CrowdFarming.&nbsp;<\/a><br><br><\/p>\n\n\n\n<p>Gracias a la buena coordinaci\u00f3n que ya ten\u00edan establecida, este grupo de agricultores se pudo poner r\u00e1pidamente manos a la obra. <strong>Agricultores que vieron reducida de golpe su demanda &#8211; la econom\u00eda se pausa en estas situaciones<\/strong> &#8211; llevaron sus productos a comunidades que lo necesitaban &#8211; los comercios de la zona hab\u00edan quedado destrozados. La operativa se financi\u00f3 con donaciones que recibieron varias organizaciones destinadas a la iniciativa<strong> \u201cCultivemos Solidaridad\u201d<\/strong>, gracias a la cual los agricultores recib\u00edan el pago por su producci\u00f3n, mientras las comunidades afectadas recib\u00edan el producto sin coste alguno. Las ONG que participan en la iniciativa lo tienen claro, cuando los comercios vuelvan a operar, ellos dar\u00e1n un paso atr\u00e1s. <strong>La solidaridad no puede &#8211; no debe &#8211; competir contra el comercio local.&nbsp;<\/strong><br><br><\/p>\n\n\n\n<p>Fuimos a visitar a uno de los agricultores miembros de Horta Cuina: Bruno. <strong>Bruno ha perdido el 40% de su producci\u00f3n<\/strong>; sus patatas, boniatos, tomates, coles y lechugas quedaron sumergidas bajo el agua y acabaron por pudrirse. Cuando nos cruzamos sus berenjenas de aspecto impecable, nos cuenta que en realidad la planta ha absorbido tanta agua que, de cosecharse, empezar\u00edan a aparecer unas manchas marrones provocadas por el exceso de agua y las berenjenas acabar\u00edan por pudrirse antes de llegar al consumidor. M\u00e1s all\u00e1 de las p\u00e9rdidas que contabiliza Bruno (50,000\u202f\u20ac) <strong>son las consecuencias a largo plazo lo que m\u00e1s preocupa a este colectivo de productores ecol\u00f3gicos<\/strong>, \u00bfde d\u00f3nde ven\u00eda esa agua y esos fangos?, \u00bfqu\u00e9 llevaban?, \u00bfpodr\u00edan haber contaminado sus suelos?, \u00bfpodr\u00edan, entonces, perder la certificaci\u00f3n ecol\u00f3gica? De momento, est\u00e1n llevando a cabo an\u00e1lisis de suelo para tener una primera lectura de la situaci\u00f3n.&nbsp;<br><br><\/p>\n\n\n\n<p>Hasta un cuarto de este grupo de productores se ha visto afectado de una forma similar a Bruno. Aunque reconoce los destrozos que el agua ha causado en sus campos, agradece el papel que estos han tenido en paliar una desgracia a\u00fan mayor en zonas residenciales. <strong>\u201cLos cultivos han frenado el agua<\/strong>, si hubiera sido todo asfalto acelerando la velocidad del agua, no quiero pensar c\u00f3mo habr\u00eda acabado esto.\u201d&nbsp;<br><br><\/p>\n\n\n\n<h2 class=\"wp-block-heading\">Salvar el suelo<br><br><\/h2>\n\n\n\n<figure class=\"wp-block-image size-large\"><img decoding=\"async\" src=\"https:\/\/www.crowdfarming.com\/what-the-field\/wp-content\/uploads\/2025\/12\/farmer-in-field-3-1024x576.jpg\" alt=\"\" class=\"wp-image-25209\"\/><\/figure>\n\n\n\n<p>El papel de los asesores agr\u00edcolas es fundamental a la hora de una transici\u00f3n hacia otra forma de hacer agricultura. <strong>Alguien que se gana la confianza y el respeto del agricultor tiene la llave en su mano para generar un gran impacto.<\/strong> Este es el caso de Juan, un asesor agr\u00edcola de agricultores ecol\u00f3gicos y convencionales, y gran convencido de la agricultura regenerativa, raz\u00f3n por la cual nos conocimos. Juan nos recibi\u00f3 en Valencia para mostrarnos algunos de los campos m\u00e1s afectados por las tormentas y riadas.&nbsp;<br><br><\/p>\n\n\n\n<p>Pasamos horas con Juan y uno de los agricultores a los que asesora, Enrique, viendo fincas cubiertas por ca\u00f1as, fango, y todo tipo de escombros y basura arrastrada por la riada. Enrique practica agricultura convencional, pero no duda que, <strong>despu\u00e9s de ser testigo del impacto que puede tener el agua, va a plantar cubierta vegetal en su finca.<\/strong> Nos dec\u00eda Enrique que \u201cel agua, como encuentre una grieta por donde colarse, te hace un destrozo\u201d y nos explicaba ilusionado como al tener el suelo cubierto, lograr\u00e1 frenar el agua y evitar que se lleve todo su suelo por delante.&nbsp;<\/p>\n\n\n\n<p><\/p>\n\n\n\n<p><br><\/p>\n\n\n\n<figure class=\"wp-block-image size-large\"><img decoding=\"async\" src=\"https:\/\/www.crowdfarming.com\/what-the-field\/wp-content\/uploads\/2025\/12\/interview-sky-min-3-1-1024x576.png\" alt=\"\" class=\"wp-image-25415\"\/><\/figure>\n\n\n\n<p><br><\/p>\n\n\n\n<p>En el grupo de agricultura regenerativa donde conocimos a Juan, muchos agricultores mandan comparativas de sus fincas, en las que implementan pr\u00e1cticas regenerativas, y las de sus vecinos. Es impresionante ver como las fincas regenerativas han sido capaces de absorber y filtrar el agua, conservando su suelo, mientras al pasar la linde se ven riadas de agua y barro, arrastrando el suelo que tanto cuesta crear.<strong> Pr\u00e1cticas regenerativas como las cubiertas vegetales o un dise\u00f1o que permita almacenar y conducir el agua son algunas de las t\u00e9cnicas para hacer frente a lluvias torrenciales y su ant\u00f3nimo &#8211; las sequ\u00edas. <\/strong>\u201cY<em>o tambi\u00e9n he notado qu\u00e9, a pesar de llevar tres a\u00f1os de sequ\u00eda, hemos gastado menos riego e insumos, sacando m\u00e1s kilos. Ha costado a\u00f1os, pero nos espera una vida y m\u00e1s generaciones\u201d <\/em>comentaba d\u00edas tras la tormenta Gonzalo, productor del aceite ecol\u00f3gico \u201cOlioli\u201d en Requena, Valencia.<br><br><\/p>\n\n\n\n<p><a href=\"https:\/\/www.crowdfarming.com\/en\/farmer\/la-junquera\/up\/adopt-an-almond-tree-la-junquera\">La Junquera<\/a>, uno de nuestros agricultores, tambi\u00e9n reportaba a trav\u00e9s de sus redes sociales como, a pesar de que en su zona no call\u00f3 tanta agua, l<strong>idiaron bien con la tormenta gracias a las t\u00e9cnicas regenerativas<\/strong> que ya implementan hace a\u00f1os. Tambi\u00e9n contaban que mejoras planean llevar a cabo para lidiar a\u00fan mejor con futuras trombas de agua: <em>\u201c<strong>Necesitamos hacer nuestras estructuras de gesti\u00f3n del agua m\u00e1s grandes y resistentes para enfrentar eventos clim\u00e1ticos extremos con mayor frecuencia<\/strong>. La agricultura regenerativa, que incluye estructuras de gesti\u00f3n del agua, cultivos de cobertura, franjas de vegetaci\u00f3n, setos y la mejora de la salud del suelo, es clave para reducir la velocidad del agua y aumentar la capacidad de absorci\u00f3n del suelo.\u201d<\/em><\/p>\n\n\n\n<p><\/p>\n\n\n\n<figure class=\"wp-block-image size-large\"><img decoding=\"async\" src=\"https:\/\/www.crowdfarming.com\/what-the-field\/wp-content\/uploads\/2025\/12\/tractor-min-1-1-1-1024x576.png\" alt=\"\" class=\"wp-image-25422\"\/><\/figure>\n\n\n\n<p><br><br><\/p>\n\n\n\n<p><strong>Con un aumento de apenas un 1% en la materia org\u00e1nica en el suelo, este puede retener hasta 75,700 litros adicionales <\/strong>de agua por hect\u00e1rea. Este efecto esponja, especialmente beneficioso durante lluvias intensas, disminuye significativamente la cantidad de agua que corre por la superficie, reduciendo as\u00ed las escorrent\u00edas, la erosi\u00f3n y los encharcamientos. Adem\u00e1s, al controlar el volumen y la velocidad del agua que fluye hacia los r\u00edos, se minimiza el riesgo de inundaciones en las comunidades cercanas.<br><br><\/p>\n\n\n\n<p>Sin embargo, poco se puede hacer cuando llega \u201cun tsunami que arrastra barro, ca\u00f1as y escombros\u201d como lo describieron algunos de los entrevistados. Juan y Enrique coinciden en que ahora la ayuda se necesita en la llamada \u201czona cero\u201d del desastre, donde la prioridad es que la gente vuelva a acceder a sus casas.<strong> Pero esperan que, despu\u00e9s de limpiar esas zonas, vengan a ayudar a los agricultores<\/strong>. Muchos a\u00fan no pueden acceder a sus fincas ni siquiera para ver el estado en el que est\u00e1n, ya que \u201chace falta reparar caminos, limpiar y quitar el fango para evitar que se pudran los \u00e1rboles y sus ra\u00edces, al no poder respirar el suelo.\u201d Muchos tratan de cuantificar la magnitud del desastre&nbsp; <a href=\"https:\/\/www.agronegocios.es\/agronegocios\/autonomias\/ava-asaja-estima-que-la-dana-causa-unas-perdidas-de-1-089-millones-en-la-agricultura\/\">(AVA-Asaja, asociaci\u00f3n de agricultores valencianos, estima 1.089 millones)<\/a>, pero a\u00fan es dif\u00edcil conocer las consecuencias reales a medio y largo plazo para estos suelos y los cultivos que crecen en ellos.<br><br><\/p>\n\n\n\n<h2 class=\"wp-block-heading\">El h\u00e9roe del tractor<\/h2>\n\n\n\n<h2 class=\"wp-block-heading\"><br><\/h2>\n\n\n\n<figure class=\"wp-block-image size-large\"><img decoding=\"async\" src=\"https:\/\/www.crowdfarming.com\/what-the-field\/wp-content\/uploads\/2025\/12\/IMG_0203-edited-scaled-2.jpg\" alt=\"\" class=\"wp-image-25291\"\/><\/figure>\n\n\n\n<p><a href=\"https:\/\/www.crowdfarming.com\/en\/farmer\/hort-del-zefir\/up\/adopt-a-clementine-tree-hort-del-zefir\">Vicent, de Hort de Z\u00e9fir<\/a>, lleva vendiendo sus mandarinas a trav\u00e9s de CrowdFarming desde sus inicios. Su finca vecina, Naranjas del Carmen, es la finca de los fundadores de CrowdFarming, Gonzalo y Gabriel \u00darculo.<strong> Vicent, impulsado por ellos, se lanz\u00f3 a dar el salto a la agricultura ecol\u00f3gica. Reconoce que no ha sido un camino f\u00e1cil, pero no se arrepiente.<\/strong> Ahora su trabajo es mucho m\u00e1s gratificante, y sigue descubriendo d\u00eda a d\u00eda c\u00f3mo hacerlo mejor.&nbsp;<br><\/p>\n\n\n\n<p><\/p>\n\n\n\n<p><\/p>\n\n\n\n<p>Condujimos con Vicent desde su finca en B\u00e9tera, Valencia, hasta la localidad de Picanya, donde los alumnos de la Escuela Gavina lo recibieron como a un h\u00e9roe y le entregaron una carta que dec\u00eda \u201cgracias por ayudarnos a volver a la escuela\u201d. Durante las semanas que separaron las inundaciones de la reapertura de la escuela,<strong> Vicent recorr\u00eda hasta 3 horas con su tractor para limpiar de fango<\/strong> este colegio al que acudieron sus hijos a\u00f1os atr\u00e1s.&nbsp;<br><br><\/p>\n\n\n\n<figure class=\"wp-block-image size-large\"><img decoding=\"async\" src=\"https:\/\/www.crowdfarming.com\/what-the-field\/wp-content\/uploads\/2025\/12\/foto-vicent-y-nacho-min-5-1-1024x576.png\" alt=\"\" class=\"wp-image-25429\"\/><\/figure>\n\n\n\n<p><\/p>\n\n\n\n<p><\/p>\n\n\n\n<p>Vicent es parte de un colectivo de agricultores ecol\u00f3gicos que lidera Nando Dur\u00e1. Cuando llegamos a ver a Nando, acaba de hablar con la televisi\u00f3n para explicar la situaci\u00f3n. Nando ha sido responsable de coordinar la ayuda de<strong> muchos agricultores que pusieron su maquinaria al servicio de las zonas m\u00e1s afectadas. <\/strong>\u201cNo podemos quedarnos parados cuando m\u00e1s se nos necesita, lo hicimos desinfectando las calles durante el confinamiento del covid-19 y lo hacemos ahora con las inundaciones\u201d.<br><br><\/p>\n\n\n\n<p>Si hay algo positivo que saca Nando de todo esto, es la visibilidad que est\u00e1 ganando el productor. Nando tiene una web propia en la que vende sus c\u00edtricos y arroz y, seg\u00fan nos cuenta,<strong> la gente se sorprende al conocer a agricultores y descubrir que pueden comprarle su producto directamente<\/strong> a trav\u00e9s de internet y sin intermediarios.&nbsp;<br><br><\/p>\n\n\n\n<h2 class=\"wp-block-heading\">En el sur de Espa\u00f1a tambi\u00e9n llueve<br><\/h2>\n\n\n\n<p><\/p>\n\n\n\n<figure class=\"wp-block-image size-large\"><img decoding=\"async\" src=\"https:\/\/www.crowdfarming.com\/what-the-field\/wp-content\/uploads\/2025\/12\/WhatsApp-Image-2024-11-14-at-11.00.44-2-1024x576.jpeg\" alt=\"\" class=\"wp-image-25319\"\/><\/figure>\n\n\n\n<p><\/p>\n\n\n\n<p>Dos semanas despu\u00e9s de las tormentas e inundaciones que arrasaron Valencia, le toc\u00f3, de nuevo, a la parte sur de la pen\u00ednsula<strong>. La zona de la Axarqu\u00eda, M\u00e1laga, donde se ubican muchos de nuestros agricultores de subtropicales y c\u00edtricos, fue especialmente afectada.<\/strong> Si antes habl\u00e1bamos de la necesidad de las cubiertas vegetales para hacer frente a lluvias torrenciales, justo esos d\u00edas ten\u00eda lugar un curso organizado por CrowdFarming con agricultores de la Axarqu\u00eda sobre cubiertas vegetales, que tuvimos que posponer por las alertas rojas de tormentas e inundaciones.&nbsp;<br><br><\/p>\n\n\n\n<p><a href=\"https:\/\/www.crowdfarming.com\/en\/farmer\/la-zahurda\/up\/adopt-lemon-tree-familia-aguilar\">Jessica, de Finca Aguilar, nos muestra como los<strong> limoneros plantados por su abuelo se han dado la vuelta con la fuerza del agua.<\/strong><\/a> Podemos ver sus ra\u00edces mirando al cielo. Jessica reconoce que <em>\u201cpor suerte, gracias al protocolo adoptado tras lo que ocurri\u00f3 en Valencia, <strong>solo se han producido da\u00f1os materiales pero no personales.<\/strong>\u201d<\/em> En la Axarqu\u00eda paso algo similar a Valencia<em>, \u201cla gran cantidad de precipitaciones acumuladas tanto en el mismo pueblo como en las zonas altas de la provincia, han causado que el caudal del r\u00edo crezca s\u00fabitamente, inundando y arrastrando todo lo que por su paso iba pillando\u201d, <\/em>prosigue Jessica.\u00a0<\/p>\n\n\n\n<p><br><br><\/p>\n\n\n\n<figure class=\"wp-block-image size-large\"><img decoding=\"async\" src=\"https:\/\/www.crowdfarming.com\/what-the-field\/wp-content\/uploads\/2025\/12\/olive-field-ruined-min-1-2-1024x576.png\" alt=\"\" class=\"wp-image-25437\"\/><\/figure>\n\n\n\n<p><\/p>\n\n\n\n<p>En los porqu\u00e9s cada uno encuentra sus propios culpables. Jessica, como otros agricultores, nos habla de las ca\u00f1as que taponaron los cauces del agua. Otros hablan de las presas, del gobierno, del cambio clim\u00e1tico o del urbanismo.<strong> Lo que todos tienen claro es una cosa &#8211; esto no lo hab\u00edan visto nunca antes:<\/strong> <em>\u201cel agua lleg\u00f3 a alcanzar m\u00e1s de seis metros de altura\u201d<\/em> nos dice Jessica<em>, \u201calgo completamente incre\u00edble, llevamos m\u00e1s de 50 a\u00f1os cultivando c\u00edtricos en estas huertas y ni mis padres, abuelos o bisabuelos jam\u00e1s han visto algo igual.\u201d<\/em>\u00a0<br><br><\/p>\n\n\n\n<p>Es algo m\u00e1s que una p\u00e9rdida material, nos explica Jessica; \u201c<em>hemos perdido gran parte de nuestra finca en la cual llevamos m\u00e1s de tres generaciones trabajando\u201d <\/em>pero no pierde las ganas de seguir trabajando por el legado de su familia,<em><strong> \u201ccon trabajo y esfuerzo iremos dando color a este gran desastre.\u201d<\/strong><\/em><br><br><\/p>\n\n\n\n<h2 class=\"wp-block-heading\">DANA: \u00bfLa hermana mayor de la \u201cGota fr\u00eda\u201d?<br><\/h2>\n\n\n\n<figure class=\"wp-block-image size-large\"><img decoding=\"async\" src=\"https:\/\/www.crowdfarming.com\/what-the-field\/wp-content\/uploads\/2025\/12\/road-broken-2-1024x576.jpg\" alt=\"\" class=\"wp-image-25237\"\/><\/figure>\n\n\n\n<p><\/p>\n\n\n\n<p>Cualquiera que conozca bien la costa Mediterr\u00e1nea espa\u00f1ola ha escuchado hablar de las lluvias torrenciales llamadas <strong>\u201cgota fr\u00eda\u201d, t\u00edpicas de los meses de septiembre y octubre.<\/strong> Este<em> <\/em>fen\u00f3meno se produce cuando una masa de aire polar aislada empieza a circular a altitudes muy elevadas y choca con el aire m\u00e1s c\u00e1lido y h\u00famedo t\u00edpico del Mediterr\u00e1neo al final del verano, desencadenando a menudo tormentas que descargan gran cantidad de agua en poco tiempo. Es decir, una gota fr\u00eda es una DANA, \u201cDepresi\u00f3n Aislada en Niveles Altos\u201d, la misma que ha causado durante estas semanas estragos en la costa mediterr\u00e1nea espa\u00f1ola. <strong>\u00bfQu\u00e9 la ha hecho tan devastadora esta vez entonces?<\/strong><br><br><\/p>\n\n\n\n<p>Los expertos llevan tiempo advirtiendo de que los eventos extremos se volver\u00e1n m\u00e1s frecuentes e intensos. El IPCC (un organismo cient\u00edfico de la ONU que eval\u00faa el cambio clim\u00e1tico), anunciaba en su \u00faltimo informe que<strong> Europa se enfrentar\u00eda a un aumento de los riesgos clim\u00e1ticos, incluyendo el riesgo de inundaciones, que afectar\u00edan a las personas, las econom\u00edas y la infraestructura y p\u00e9rdidas en la producci\u00f3n de cultivos<\/strong> debido a las condiciones combinadas de calor y sequ\u00eda y eventos clim\u00e1ticos extremos. Un informe preliminar de la organizaci\u00f3n acad\u00e9mica World Weather Attribution ha establecido que el calentamiento global hizo un 12% m\u00e1s intensas las lluvias que cayeron sobre Espa\u00f1a y duplicado las probabilidades de que se produzcan.<\/p>\n\n\n\n<p><\/p>\n\n\n\n<figure class=\"wp-block-image size-large\"><img decoding=\"async\" src=\"https:\/\/www.crowdfarming.com\/what-the-field\/wp-content\/uploads\/2025\/12\/sky-2-1024x576.jpg\" alt=\"\" class=\"wp-image-25244\"\/><\/figure>\n\n\n\n<p><br><br><\/p>\n\n\n\n<p>En el mundo de la agricultura &#8211; especialmente la ecol\u00f3gica y regenerativa &#8211; estamos acostumbrados a o\u00edr hablar de \u201cacontecimientos clim\u00e1ticos extremos cada vez m\u00e1s frecuentes\u201d y su posible impacto en nuestra seguridad alimentaria. Es parte de nuestro d\u00eda a d\u00eda hablar de sequ\u00edas, cosechas da\u00f1adas por granizos fuera de tiempo o de suelos degradados. <strong>Pero el 29 de octubre de 2024 y los d\u00edas consiguientes dieron una sacudida brutal a Valencia <\/strong>y a gran parte de la costa mediterr\u00e1nea espa\u00f1ola, y sus consecuencias resonaron en el mundo entero.&nbsp;<br><br><\/p>\n\n\n\n<p>Las se\u00f1ales estaban, tanto de que estos eventos extremos llegar\u00edan como de cu\u00e1les eran las zonas inundables, sin embargo, nadie se hab\u00eda preparado para algo as\u00ed. Aprendamos de lo sucedido, para cambiar la reactividad por la resiliencia: una carrera de largo plazo m\u00e1s que un sprint. En el IPCC tambi\u00e9n proponen c\u00f3mo hacer frente a estos cambios, y algunos se parecen mucho a nuestra visi\u00f3n de lo que debe de ser la agricultura: <strong>\u201c<em>La conservaci\u00f3n, la mejora de la gesti\u00f3n y la restauraci\u00f3n de los ecosistemas incluyendo la protecci\u00f3n y restauraci\u00f3n de la biodiversidad, pueden ayudar a fortalecer la resiliencia <\/em><\/strong><em>al cambio clim\u00e1tico y proporcionar una amplia gama de co-beneficios, incluyendo el apoyo a los medios de vida, la salud y el bienestar humanos, la seguridad alimentaria y del agua, y la reducci\u00f3n del riesgo de desastres.&nbsp;<\/em><br><br><\/p>\n","protected":false},"excerpt":{"rendered":"<p>M\u00e1s de un mes despu\u00e9s de las fuertes tormentas e inundaciones que asolaron Valencia y gran parte de la costa mediterr\u00e1nea Espa\u00f1ola, las secuelas siguen siendo evidentes. \u201cY nos quedan muchos a\u00f1os para reponernos\u201d nos dicen los agricultores afectados con los que hablamos.&nbsp; Tras las inundaciones de Valencia, os informamos de que los trabajadores y [&hellip;]<\/p>\n","protected":false},"author":220,"featured_media":17465,"comment_status":"closed","ping_status":"closed","sticky":false,"template":"","format":"standard","meta":{"_acf_changed":false,"inline_featured_image":false,"footnotes":""},"categories":[504],"tags":[],"class_list":["post-17454","post","type-post","status-publish","format-standard","has-post-thumbnail","hentry","category-sociedad"],"acf":[],"yoast_head":"<!-- This site is optimized with the Yoast SEO plugin v27.5 - https:\/\/yoast.com\/product\/yoast-seo-wordpress\/ -->\n<title>La resiliencia tras la tormenta - WTF<\/title>\n<meta name=\"description\" content=\"M\u00e1s de un mes despu\u00e9s de las fuertes tormentas e inundaciones que asolaron Valencia y gran parte de la costa mediterr\u00e1nea Espa\u00f1ola, las secuelas siguen siendo evidentes.\" \/>\n<meta name=\"robots\" content=\"index, follow, max-snippet:-1, max-image-preview:large, max-video-preview:-1\" \/>\n<link rel=\"canonical\" href=\"https:\/\/www.crowdfarming.com\/es\/what-the-field\/sociedad\/la-resiliencia-tras-la-tormenta\/\" \/>\n<meta property=\"og:locale\" content=\"es_ES\" \/>\n<meta property=\"og:type\" content=\"article\" \/>\n<meta property=\"og:title\" content=\"La resiliencia tras la tormenta - WTF\" \/>\n<meta property=\"og:description\" content=\"M\u00e1s de un mes despu\u00e9s de las fuertes tormentas e inundaciones que asolaron Valencia y gran parte de la costa mediterr\u00e1nea Espa\u00f1ola, las secuelas siguen siendo evidentes.\" \/>\n<meta property=\"og:url\" content=\"https:\/\/www.crowdfarming.com\/es\/what-the-field\/sociedad\/la-resiliencia-tras-la-tormenta\/\" \/>\n<meta property=\"og:site_name\" content=\"WTF\" \/>\n<meta property=\"article:published_time\" content=\"2024-12-18T07:50:33+00:00\" \/>\n<meta property=\"article:modified_time\" content=\"2025-12-19T15:00:06+00:00\" \/>\n<meta property=\"og:image\" content=\"https:\/\/www.crowdfarming.com\/what-the-field\/wp-content\/uploads\/2024\/12\/blog-1-muddy-field-2-1024x576-1.jpg\" \/>\n\t<meta property=\"og:image:width\" content=\"1024\" \/>\n\t<meta property=\"og:image:height\" content=\"576\" \/>\n\t<meta property=\"og:image:type\" content=\"image\/jpeg\" \/>\n<meta name=\"author\" content=\"Cristina Domecq\" \/>\n<meta name=\"twitter:card\" content=\"summary_large_image\" \/>\n<meta name=\"twitter:creator\" content=\"@admin2206\" \/>\n<meta name=\"twitter:label1\" content=\"Escrito por\" \/>\n\t<meta name=\"twitter:data1\" content=\"Cristina Domecq\" \/>\n\t<meta name=\"twitter:label2\" content=\"Tiempo de lectura\" \/>\n\t<meta name=\"twitter:data2\" content=\"12 minutos\" \/>\n<script type=\"application\/ld+json\" class=\"yoast-schema-graph\">{\"@context\":\"https:\\\/\\\/schema.org\",\"@graph\":[{\"@type\":\"Article\",\"@id\":\"https:\\\/\\\/www.crowdfarming.com\\\/es\\\/what-the-field\\\/sociedad\\\/la-resiliencia-tras-la-tormenta\\\/#article\",\"isPartOf\":{\"@id\":\"https:\\\/\\\/www.crowdfarming.com\\\/es\\\/what-the-field\\\/sociedad\\\/la-resiliencia-tras-la-tormenta\\\/\"},\"author\":{\"name\":\"Cristina Domecq\",\"@id\":\"https:\\\/\\\/laruchequiditoui.fr\\\/fr\\\/what-the-field\\\/#\\\/schema\\\/person\\\/0b84f8d2602b1b75f561ff4638192b03\"},\"headline\":\"La resiliencia tras la tormenta\",\"datePublished\":\"2024-12-18T07:50:33+00:00\",\"dateModified\":\"2025-12-19T15:00:06+00:00\",\"mainEntityOfPage\":{\"@id\":\"https:\\\/\\\/www.crowdfarming.com\\\/es\\\/what-the-field\\\/sociedad\\\/la-resiliencia-tras-la-tormenta\\\/\"},\"wordCount\":2487,\"image\":{\"@id\":\"https:\\\/\\\/www.crowdfarming.com\\\/es\\\/what-the-field\\\/sociedad\\\/la-resiliencia-tras-la-tormenta\\\/#primaryimage\"},\"thumbnailUrl\":\"https:\\\/\\\/www.crowdfarming.com\\\/what-the-field\\\/wp-content\\\/uploads\\\/2024\\\/12\\\/blog-1-muddy-field-2-1024x576-1.jpg\",\"articleSection\":[\"Sociedad\"],\"inLanguage\":\"es\"},{\"@type\":\"WebPage\",\"@id\":\"https:\\\/\\\/www.crowdfarming.com\\\/es\\\/what-the-field\\\/sociedad\\\/la-resiliencia-tras-la-tormenta\\\/\",\"url\":\"https:\\\/\\\/www.crowdfarming.com\\\/es\\\/what-the-field\\\/sociedad\\\/la-resiliencia-tras-la-tormenta\\\/\",\"name\":\"La resiliencia tras la tormenta - WTF\",\"isPartOf\":{\"@id\":\"https:\\\/\\\/laruchequiditoui.fr\\\/fr\\\/what-the-field\\\/#website\"},\"primaryImageOfPage\":{\"@id\":\"https:\\\/\\\/www.crowdfarming.com\\\/es\\\/what-the-field\\\/sociedad\\\/la-resiliencia-tras-la-tormenta\\\/#primaryimage\"},\"image\":{\"@id\":\"https:\\\/\\\/www.crowdfarming.com\\\/es\\\/what-the-field\\\/sociedad\\\/la-resiliencia-tras-la-tormenta\\\/#primaryimage\"},\"thumbnailUrl\":\"https:\\\/\\\/www.crowdfarming.com\\\/what-the-field\\\/wp-content\\\/uploads\\\/2024\\\/12\\\/blog-1-muddy-field-2-1024x576-1.jpg\",\"datePublished\":\"2024-12-18T07:50:33+00:00\",\"dateModified\":\"2025-12-19T15:00:06+00:00\",\"author\":{\"@id\":\"https:\\\/\\\/laruchequiditoui.fr\\\/fr\\\/what-the-field\\\/#\\\/schema\\\/person\\\/0b84f8d2602b1b75f561ff4638192b03\"},\"description\":\"M\u00e1s de un mes despu\u00e9s de las fuertes tormentas e inundaciones que asolaron Valencia y gran parte de la costa mediterr\u00e1nea Espa\u00f1ola, las secuelas siguen siendo evidentes.\",\"breadcrumb\":{\"@id\":\"https:\\\/\\\/www.crowdfarming.com\\\/es\\\/what-the-field\\\/sociedad\\\/la-resiliencia-tras-la-tormenta\\\/#breadcrumb\"},\"inLanguage\":\"es\",\"potentialAction\":[{\"@type\":\"ReadAction\",\"target\":[\"https:\\\/\\\/www.crowdfarming.com\\\/es\\\/what-the-field\\\/sociedad\\\/la-resiliencia-tras-la-tormenta\\\/\"]}]},{\"@type\":\"ImageObject\",\"inLanguage\":\"es\",\"@id\":\"https:\\\/\\\/www.crowdfarming.com\\\/es\\\/what-the-field\\\/sociedad\\\/la-resiliencia-tras-la-tormenta\\\/#primaryimage\",\"url\":\"https:\\\/\\\/www.crowdfarming.com\\\/what-the-field\\\/wp-content\\\/uploads\\\/2024\\\/12\\\/blog-1-muddy-field-2-1024x576-1.jpg\",\"contentUrl\":\"https:\\\/\\\/www.crowdfarming.com\\\/what-the-field\\\/wp-content\\\/uploads\\\/2024\\\/12\\\/blog-1-muddy-field-2-1024x576-1.jpg\",\"width\":1024,\"height\":576},{\"@type\":\"BreadcrumbList\",\"@id\":\"https:\\\/\\\/www.crowdfarming.com\\\/es\\\/what-the-field\\\/sociedad\\\/la-resiliencia-tras-la-tormenta\\\/#breadcrumb\",\"itemListElement\":[{\"@type\":\"ListItem\",\"position\":1,\"name\":\"Home\",\"item\":\"https:\\\/\\\/www.crowdfarming.com\\\/es\\\/what-the-field\\\/\"},{\"@type\":\"ListItem\",\"position\":2,\"name\":\"La resiliencia tras la tormenta\"}]},{\"@type\":\"WebSite\",\"@id\":\"https:\\\/\\\/laruchequiditoui.fr\\\/fr\\\/what-the-field\\\/#website\",\"url\":\"https:\\\/\\\/laruchequiditoui.fr\\\/fr\\\/what-the-field\\\/\",\"name\":\"WTF\",\"description\":\"\",\"potentialAction\":[{\"@type\":\"SearchAction\",\"target\":{\"@type\":\"EntryPoint\",\"urlTemplate\":\"https:\\\/\\\/laruchequiditoui.fr\\\/fr\\\/what-the-field\\\/?s={search_term_string}\"},\"query-input\":{\"@type\":\"PropertyValueSpecification\",\"valueRequired\":true,\"valueName\":\"search_term_string\"}}],\"inLanguage\":\"es\"},{\"@type\":\"Person\",\"@id\":\"https:\\\/\\\/laruchequiditoui.fr\\\/fr\\\/what-the-field\\\/#\\\/schema\\\/person\\\/0b84f8d2602b1b75f561ff4638192b03\",\"name\":\"Cristina Domecq\",\"image\":{\"@type\":\"ImageObject\",\"inLanguage\":\"es\",\"@id\":\"https:\\\/\\\/www.crowdfarming.com\\\/what-the-field\\\/wp-content\\\/uploads\\\/2026\\\/01\\\/Cristina-150x150.jpg\",\"url\":\"https:\\\/\\\/www.crowdfarming.com\\\/what-the-field\\\/wp-content\\\/uploads\\\/2026\\\/01\\\/Cristina-150x150.jpg\",\"contentUrl\":\"https:\\\/\\\/www.crowdfarming.com\\\/what-the-field\\\/wp-content\\\/uploads\\\/2026\\\/01\\\/Cristina-150x150.jpg\",\"caption\":\"Cristina Domecq\"},\"description\":\"Cristina Domecq is the Head of Impact at CrowdFarming. She operates where the boardroom, the field, and social conversations converge, convinced that the clues to fixing the food system are revealed in that intersection. Her goal is to achieve a behaviour change that sticks\u2014a mission that only works if both farmers and consumers are truly on board.\",\"sameAs\":[\"https:\\\/\\\/x.com\\\/admin2206\"],\"url\":\"https:\\\/\\\/www.crowdfarming.com\\\/what-the-field\\\/es\\\/author\\\/cris-domecq\\\/\"}]}<\/script>\n<!-- \/ Yoast SEO plugin. -->","yoast_head_json":{"title":"La resiliencia tras la tormenta - WTF","description":"M\u00e1s de un mes despu\u00e9s de las fuertes tormentas e inundaciones que asolaron Valencia y gran parte de la costa mediterr\u00e1nea Espa\u00f1ola, las secuelas siguen siendo evidentes.","robots":{"index":"index","follow":"follow","max-snippet":"max-snippet:-1","max-image-preview":"max-image-preview:large","max-video-preview":"max-video-preview:-1"},"canonical":"https:\/\/www.crowdfarming.com\/es\/what-the-field\/sociedad\/la-resiliencia-tras-la-tormenta\/","og_locale":"es_ES","og_type":"article","og_title":"La resiliencia tras la tormenta - WTF","og_description":"M\u00e1s de un mes despu\u00e9s de las fuertes tormentas e inundaciones que asolaron Valencia y gran parte de la costa mediterr\u00e1nea Espa\u00f1ola, las secuelas siguen siendo evidentes.","og_url":"https:\/\/www.crowdfarming.com\/es\/what-the-field\/sociedad\/la-resiliencia-tras-la-tormenta\/","og_site_name":"WTF","article_published_time":"2024-12-18T07:50:33+00:00","article_modified_time":"2025-12-19T15:00:06+00:00","og_image":[{"width":1024,"height":576,"url":"https:\/\/www.crowdfarming.com\/what-the-field\/wp-content\/uploads\/2024\/12\/blog-1-muddy-field-2-1024x576-1.jpg","type":"image\/jpeg"}],"author":"Cristina Domecq","twitter_card":"summary_large_image","twitter_creator":"@admin2206","twitter_misc":{"Escrito por":"Cristina Domecq","Tiempo de lectura":"12 minutos"},"schema":{"@context":"https:\/\/schema.org","@graph":[{"@type":"Article","@id":"https:\/\/www.crowdfarming.com\/es\/what-the-field\/sociedad\/la-resiliencia-tras-la-tormenta\/#article","isPartOf":{"@id":"https:\/\/www.crowdfarming.com\/es\/what-the-field\/sociedad\/la-resiliencia-tras-la-tormenta\/"},"author":{"name":"Cristina Domecq","@id":"https:\/\/laruchequiditoui.fr\/fr\/what-the-field\/#\/schema\/person\/0b84f8d2602b1b75f561ff4638192b03"},"headline":"La resiliencia tras la tormenta","datePublished":"2024-12-18T07:50:33+00:00","dateModified":"2025-12-19T15:00:06+00:00","mainEntityOfPage":{"@id":"https:\/\/www.crowdfarming.com\/es\/what-the-field\/sociedad\/la-resiliencia-tras-la-tormenta\/"},"wordCount":2487,"image":{"@id":"https:\/\/www.crowdfarming.com\/es\/what-the-field\/sociedad\/la-resiliencia-tras-la-tormenta\/#primaryimage"},"thumbnailUrl":"https:\/\/www.crowdfarming.com\/what-the-field\/wp-content\/uploads\/2024\/12\/blog-1-muddy-field-2-1024x576-1.jpg","articleSection":["Sociedad"],"inLanguage":"es"},{"@type":"WebPage","@id":"https:\/\/www.crowdfarming.com\/es\/what-the-field\/sociedad\/la-resiliencia-tras-la-tormenta\/","url":"https:\/\/www.crowdfarming.com\/es\/what-the-field\/sociedad\/la-resiliencia-tras-la-tormenta\/","name":"La resiliencia tras la tormenta - WTF","isPartOf":{"@id":"https:\/\/laruchequiditoui.fr\/fr\/what-the-field\/#website"},"primaryImageOfPage":{"@id":"https:\/\/www.crowdfarming.com\/es\/what-the-field\/sociedad\/la-resiliencia-tras-la-tormenta\/#primaryimage"},"image":{"@id":"https:\/\/www.crowdfarming.com\/es\/what-the-field\/sociedad\/la-resiliencia-tras-la-tormenta\/#primaryimage"},"thumbnailUrl":"https:\/\/www.crowdfarming.com\/what-the-field\/wp-content\/uploads\/2024\/12\/blog-1-muddy-field-2-1024x576-1.jpg","datePublished":"2024-12-18T07:50:33+00:00","dateModified":"2025-12-19T15:00:06+00:00","author":{"@id":"https:\/\/laruchequiditoui.fr\/fr\/what-the-field\/#\/schema\/person\/0b84f8d2602b1b75f561ff4638192b03"},"description":"M\u00e1s de un mes despu\u00e9s de las fuertes tormentas e inundaciones que asolaron Valencia y gran parte de la costa mediterr\u00e1nea Espa\u00f1ola, las secuelas siguen siendo evidentes.","breadcrumb":{"@id":"https:\/\/www.crowdfarming.com\/es\/what-the-field\/sociedad\/la-resiliencia-tras-la-tormenta\/#breadcrumb"},"inLanguage":"es","potentialAction":[{"@type":"ReadAction","target":["https:\/\/www.crowdfarming.com\/es\/what-the-field\/sociedad\/la-resiliencia-tras-la-tormenta\/"]}]},{"@type":"ImageObject","inLanguage":"es","@id":"https:\/\/www.crowdfarming.com\/es\/what-the-field\/sociedad\/la-resiliencia-tras-la-tormenta\/#primaryimage","url":"https:\/\/www.crowdfarming.com\/what-the-field\/wp-content\/uploads\/2024\/12\/blog-1-muddy-field-2-1024x576-1.jpg","contentUrl":"https:\/\/www.crowdfarming.com\/what-the-field\/wp-content\/uploads\/2024\/12\/blog-1-muddy-field-2-1024x576-1.jpg","width":1024,"height":576},{"@type":"BreadcrumbList","@id":"https:\/\/www.crowdfarming.com\/es\/what-the-field\/sociedad\/la-resiliencia-tras-la-tormenta\/#breadcrumb","itemListElement":[{"@type":"ListItem","position":1,"name":"Home","item":"https:\/\/www.crowdfarming.com\/es\/what-the-field\/"},{"@type":"ListItem","position":2,"name":"La resiliencia tras la tormenta"}]},{"@type":"WebSite","@id":"https:\/\/laruchequiditoui.fr\/fr\/what-the-field\/#website","url":"https:\/\/laruchequiditoui.fr\/fr\/what-the-field\/","name":"WTF","description":"","potentialAction":[{"@type":"SearchAction","target":{"@type":"EntryPoint","urlTemplate":"https:\/\/laruchequiditoui.fr\/fr\/what-the-field\/?s={search_term_string}"},"query-input":{"@type":"PropertyValueSpecification","valueRequired":true,"valueName":"search_term_string"}}],"inLanguage":"es"},{"@type":"Person","@id":"https:\/\/laruchequiditoui.fr\/fr\/what-the-field\/#\/schema\/person\/0b84f8d2602b1b75f561ff4638192b03","name":"Cristina Domecq","image":{"@type":"ImageObject","inLanguage":"es","@id":"https:\/\/www.crowdfarming.com\/what-the-field\/wp-content\/uploads\/2026\/01\/Cristina-150x150.jpg","url":"https:\/\/www.crowdfarming.com\/what-the-field\/wp-content\/uploads\/2026\/01\/Cristina-150x150.jpg","contentUrl":"https:\/\/www.crowdfarming.com\/what-the-field\/wp-content\/uploads\/2026\/01\/Cristina-150x150.jpg","caption":"Cristina Domecq"},"description":"Cristina Domecq is the Head of Impact at CrowdFarming. She operates where the boardroom, the field, and social conversations converge, convinced that the clues to fixing the food system are revealed in that intersection. Her goal is to achieve a behaviour change that sticks\u2014a mission that only works if both farmers and consumers are truly on board.","sameAs":["https:\/\/x.com\/admin2206"],"url":"https:\/\/www.crowdfarming.com\/what-the-field\/es\/author\/cris-domecq\/"}]}},"_links":{"self":[{"href":"https:\/\/www.crowdfarming.com\/what-the-field\/es\/wp-json\/wp\/v2\/posts\/17454","targetHints":{"allow":["GET"]}}],"collection":[{"href":"https:\/\/www.crowdfarming.com\/what-the-field\/es\/wp-json\/wp\/v2\/posts"}],"about":[{"href":"https:\/\/www.crowdfarming.com\/what-the-field\/es\/wp-json\/wp\/v2\/types\/post"}],"author":[{"embeddable":true,"href":"https:\/\/www.crowdfarming.com\/what-the-field\/es\/wp-json\/wp\/v2\/users\/220"}],"replies":[{"embeddable":true,"href":"https:\/\/www.crowdfarming.com\/what-the-field\/es\/wp-json\/wp\/v2\/comments?post=17454"}],"version-history":[{"count":1,"href":"https:\/\/www.crowdfarming.com\/what-the-field\/es\/wp-json\/wp\/v2\/posts\/17454\/revisions"}],"predecessor-version":[{"id":17466,"href":"https:\/\/www.crowdfarming.com\/what-the-field\/es\/wp-json\/wp\/v2\/posts\/17454\/revisions\/17466"}],"wp:featuredmedia":[{"embeddable":true,"href":"https:\/\/www.crowdfarming.com\/what-the-field\/es\/wp-json\/wp\/v2\/media\/17465"}],"wp:attachment":[{"href":"https:\/\/www.crowdfarming.com\/what-the-field\/es\/wp-json\/wp\/v2\/media?parent=17454"}],"wp:term":[{"taxonomy":"category","embeddable":true,"href":"https:\/\/www.crowdfarming.com\/what-the-field\/es\/wp-json\/wp\/v2\/categories?post=17454"},{"taxonomy":"post_tag","embeddable":true,"href":"https:\/\/www.crowdfarming.com\/what-the-field\/es\/wp-json\/wp\/v2\/tags?post=17454"}],"curies":[{"name":"wp","href":"https:\/\/api.w.org\/{rel}","templated":true}]}}