{"id":21068,"date":"2023-06-28T13:50:04","date_gmt":"2023-06-28T11:50:04","guid":{"rendered":"https:\/\/www.crowdfarming.com\/nicht-kategorisiert\/ist-die-landwirtschaft-das-ende-fuer-unsere-voegel\/"},"modified":"2025-12-19T16:26:03","modified_gmt":"2025-12-19T15:26:03","slug":"ist-die-landwirtschaft-das-ende-fuer-unsere-voegel","status":"publish","type":"post","link":"https:\/\/www.crowdfarming.com\/what-the-field\/de\/gesellschaft\/ist-die-landwirtschaft-das-ende-fuer-unsere-voegel\/","title":{"rendered":"Ist die Landwirtschaft das Ende f\u00fcr unsere V\u00f6gel?"},"content":{"rendered":"\n<p>V\u00f6gel machen die gr\u00f6\u00dfte Gruppe an Landwirbeltieren aus und sind somit von gro\u00dfer Bedeutung f\u00fcr das Funktionieren der meisten \u00d6kosysteme: Best\u00e4ubung und Samenverbreitung, Sch\u00e4dlingsbek\u00e4mpfung und Mobilisierung von N\u00e4hrstoffkreisl\u00e4ufen sind nur einige der Leistungen, die sie erbringen.<br><br><\/p>\n\n\n\n<p>Seit Jahren k\u00f6nnen wir beobachten, wie die Vogelpopulationen drastisch zur\u00fcckgehen. In der Tat ist dieser R\u00fcckgang der Vogelpopulation von 25 % mehr als besorgniserregend. Insgesamt gibt es in Europa etwa 800 Millionen V\u00f6gel weniger als noch vor 40 Jahren. Die Zahl der Stadtv\u00f6gel ist im Durchschnitt um 28 % zur\u00fcckgegangen, die der Waldv\u00f6gel um 18 %, <strong>aber den gr\u00f6\u00dften R\u00fcckgang mit 60 % haben die Arten zu verzeichnen, die mit der Landwirtschaft verbunden sind.<\/strong><br><br><\/p>\n\n\n\n<figure class=\"wp-block-image size-large\"><img decoding=\"async\" src=\"https:\/\/www.crowdfarming.com\/what-the-field\/wp-content\/uploads\/2025\/12\/Datos-1-1-1024x512.png\" alt=\"\" class=\"wp-image-19142\"\/><\/figure>\n\n\n\n<p><br><\/p>\n\n\n\n<p>Wenn man sich die Daten \u00fcber den alarmierenden R\u00fcckgang der europ\u00e4ischen V\u00f6gel genau ansieht, so stellt man fest, dass ein Gro\u00dfteil dieses R\u00fcckgangs auf V\u00f6gel entf\u00e4llt, die mit der Landwirtschaft in Verbindung stehen, sogenannte &#8222;Ackerlandv\u00f6gel&#8220;, wie das Rebhuhn, die Lerche oder die Schwalbe.<br><br><\/p>\n\n\n\n<h2 class=\"wp-block-heading\"><strong>Warum ist das so?<\/strong><br><br><\/h2>\n\n\n\n<p>Abgesehen von Klimawandel und steigenden Temperaturen scheint die Antwort darauf in der Art zu liegen, wie unsere Lebensmittel produziert werden. Die r\u00fcckl\u00e4ufige Zahl der V\u00f6gel &#8211; wie auch anderer Tierarten &#8211; ist ein Beweis f\u00fcr die Umweltkrise, mit der sich nicht nur die Landwirtschaft heutzutage konfrontiert sieht, sondern die auch in direktem Zusammenhang mit unserem Lebensmittelkonsumverhalten steht.<br><br><\/p>\n\n\n\n<p>Aus diesen Gr\u00fcnden ist der Faktor, der die Vogelpopulation am meisten belastet, kein anderer als die intensive Landwirtschaft selbst. Bei dieser Art der Landwirtschaft liegt der Fokus auf der Maximierung der Produktivit\u00e4t von Ackerland durch den intensiven Einsatz von Betriebsmitteln wie Pestiziden, D\u00fcngemitteln, Maschinen und Technologie, mit dem Ziel, maximale Ertr\u00e4ge pro Fl\u00e4cheneinheit zu erzielen. Intensive Landwirtschaft konzentriert sich auf die Massenproduktion anhand von Monokulturen, d. h. den Anbau einer einzigen Art auf gro\u00dfen Fl\u00e4chen, die regelm\u00e4\u00dfige Ausbringung von chemischen D\u00fcngemitteln zur Ern\u00e4hrung der Pflanzen und den umfassenden Einsatz von Landmaschinen zur Maximierung der Effizienz bei der Aussaat, der Ernte und dem Pflanzenmanagement. Es ist in der Tat wichtig, die Auswirkungen dieser Praktiken zu verstehen, um den Zusammenhang zwischen dem R\u00fcckgang der Feldvogelpopulationen und intensiver Landwirtschaft zu verstehen.<br><br><\/p>\n\n\n\n<ul class=\"wp-block-list\"><li>Der Hauptfaktor f\u00fcr den R\u00fcckgang der Vogelpopulation ist der unkontrollierte Einsatz von Pestiziden und D\u00fcngemitteln. Durch den massiven Einsatz von Pestiziden wird die vorkommende Population wirbelloser Tiere in den Kulturen ausgel\u00f6scht. Dieses Verschwinden von Insekten und anderen wirbellosen Tieren f\u00fchrt zu einer trophischen Kaskade in der Nahrungskette, da wirbellose Tiere einen wichtigen Bestandteil der Ern\u00e4hrung vieler V\u00f6gel ausmachen.<\/li><li>Um gro\u00dfe Monokulturen anlegen zu k\u00f6nnen, muss die Umwelt umgestaltet werden. B\u00e4ume und Str\u00e4ucher m\u00fcssen verschwinden, um Getreidearten Platz zu machen, die vielen Vogelarten keinen Schutz und keinen geeigneten Lebensraum bieten k\u00f6nnen. Selbst wenn es sich auf den Feldern Baumkulturen handelt, machen es die Pflege besagter Kulturen, die eingesetzten Maschinen und die Erntemethoden den V\u00f6geln oft unm\u00f6glich, sich auf nat\u00fcrliche Weise anzusiedeln.<\/li><li>13 % aller Treibhausgase werden von landwirtschaftlichen B\u00f6den freigegeben. Eine Zahl, die auf fast 30 % ansteigt, wenn man die Emissionen des gesamten Agrar- und Ern\u00e4hrungssektors ber\u00fccksichtigt. Der Klimawandel und der damit verbundene Temperaturanstieg sind weitere wichtige Faktoren, die den Verlust von Vogelpopulationen in der europ\u00e4ischen Region erkl\u00e4ren.\u00a0<\/li><li>Wenn wir uns auf die Feldarten konzentrieren, die Gew\u00e4sser in ihrem Lebensraum ben\u00f6tigen, k\u00f6nnen wir feststellen, dass die intensive landwirtschaftliche T\u00e4tigkeit nicht viel zur Verbesserung des nat\u00fcrlichen Wasservorkommens beigetragen hat. Es ist eine Tatsache, dass die illegale Entnahme und der Raubbau an Grundwasserleitern f\u00fcr die landwirtschaftliche Nutzung die Widerstandsf\u00e4higkeit des \u00d6kosystems als Ganzes stark beeintr\u00e4chtigt. Ein besonders besorgniserregender Fall ist der <strong>National- und Naturpark \u201dDo\u00f1ana\u201d<\/strong> im S\u00fcden der Iberischen Halbinsel. Hier hat die Politik der kontinuierlichen Erweiterung der Bew\u00e4sserung der Umgebung das \u00dcberleben des Naturparks und zahlreicher Tiere, insbesondere der V\u00f6gel, die von ihm abh\u00e4ngen, gef\u00e4hrdet.<br><br><\/li><\/ul>\n\n\n\n<figure class=\"wp-block-image size-large\"><img decoding=\"async\" src=\"https:\/\/www.crowdfarming.com\/what-the-field\/wp-content\/uploads\/2025\/12\/Grafico-2-1024x885.png\" alt=\"\" class=\"wp-image-19149\"\/><\/figure>\n\n\n\n<p><br><\/p>\n\n\n\n<p>Es gibt aber auch Landwirte, die sich bewusst f\u00fcr den Erhalt der Artenvielfalt einsetzen. Unsere Oliven\u00f6lproduzenten, um nur eine Initiative zu nennen,<a href=\"https:\/\/common.crowdfarming.com\/uploaded-farm\/1677590690612-48bd0743-40c8-4e2b-a1e2-82203052afcb.pdf\"> haben sich z.B. dazu verpflichtet, ihre Oliven nicht nachts zu ernten,<\/a> um den V\u00f6geln, die in ihren B\u00e4umen nisten, keinen Schaden zuzuf\u00fcgen.<br><br><\/p>\n\n\n\n<h2 class=\"wp-block-heading\"><strong>Eine Finca, von der jeder Vogel tr\u00e4umt &#8211; Riet Vell<\/strong><br><br><\/h2>\n\n\n\n<p>Ein perfektes Beispiel f\u00fcr die Vereinbarkeit von landwirtschaftlicher T\u00e4tigkeit und Natur ist Riet Vell &#8211; eines unserer Reisprojekte in der spanischen Region Katalonien -, das 10 Hektar seines Landes der Schaffung nat\u00fcrlicher Lebensr\u00e4ume f\u00fcr V\u00f6gel gewidmet hat. Ein Teil des Kulturlandes ist inzwischen zu einem &#8222;Raum f\u00fcr Biodiversit\u00e4t&#8220; geworden, in dem es von verschiedenen Arten wimmelt. Er ist zu einem der meistbesuchten Orte im Ebro-Delta f\u00fcr Vogelliebhaber geworden.<br><br><\/p>\n\n\n\n<p>Als Mitglied von SEO\/BirdLife, der spanischen Vereinigung f\u00fcr Vogel- und Naturschutz, kennt unser Reisbauer Juan Carlos Cicera aus Riet Vell die aktuelle Situation gut. F\u00fcr ihn umfasst das Wort &#8222;Landwirtschaft&#8220; viele verschiedene Arten von Bewirtschaftung, des Anbau und von Aktivit\u00e4ten. Er argumentiert, dass viele landwirtschaftliche T\u00e4tigkeiten f\u00fcr den Lebensunterhalt vieler Vogelarten grundlegend sind.<br><br><\/p>\n\n\n\n<p>\u201c<em>Je nach Interpretation ist die Aussage, dass Landwirtschaft das Hauptproblem f\u00fcr unsere V\u00f6gel ist, nicht unbedingt richtig&#8220;, sagt Juan Carlos. Im aktuellen Landwirtschaftsmodell, insbesondere bei konventioneller Landwirtschaft, mit ihrem Streben nach sehr hohen Ertr\u00e4gen und dem Einsatz vieler Agrochemikalien, ist dies sehr wohl der Fall. Aber es gibt auch eine \u00f6kologische Landwirtschaft, der wir uns verschrieben haben. Sie zeichnet sich durch ihre vollst\u00e4ndige Integration in die Umgebung aus, mit dem Ziel, das vorhandene \u00d6kosystem zu erg\u00e4nzen, was den V\u00f6geln und der biologischen Vielfalt nicht nur nicht schadet, sondern ganz im Gegenteil sogar zugutekommen kann<\/em>&#8222;.<br><br><\/p>\n\n\n\n<p>F\u00fcr Juan Carlos gibt es durchaus Optionen, wie Landwirte einen Beitrag zur Bek\u00e4mpfung des Problems der abnehmenden Vogelpopulationen, leisten k\u00f6nnen: \u201c<em>Was den Erhalt der V\u00f6gel auf unseren Feldern f\u00f6rdert, ist die Schaffung kleiner Ecken oder R\u00e4ume innerhalb der Kulturfl\u00e4chen, um eine andere Art von \u00d6kosystem oder Lebensraum f\u00fcr Wildpflanzen zu schaffen, das kann auch in weniger produktiven Parzellen sein. Leider kollidiert diese Ma\u00dfnahme ein wenig mit dem Produktivit\u00e4tsstreben der Gesellschaft: Man zahlt schlie\u00dflich pro Kilo Weizen, nicht pro Kilo biologischer Vielfalt<\/em>\u201d.\u00a0<br><br><\/p>\n\n\n\n<figure class=\"wp-block-image size-large\"><img decoding=\"async\" src=\"https:\/\/www.crowdfarming.com\/what-the-field\/wp-content\/uploads\/2025\/12\/Farmer-1-3-1024x512.jpg\" alt=\"\" class=\"wp-image-19156\"\/><\/figure>\n\n\n\n<p><br><\/p>\n\n\n\n<h2 class=\"wp-block-heading\"><strong>Dies f\u00fchrt zu einer Schlussfolgerung:\u00a0<\/strong><br><br><\/h2>\n\n\n\n<p>Es gibt L\u00f6sungen, die dazu beitragen k\u00f6nnen, die aktuelle Situation zu verbessern, und wir als Verbraucher k\u00f6nnen den Wandel aktiv vorantreiben.\u00a0<br><br><\/p>\n\n\n\n<p>Wichtig ist es, die Umsetzung agrarpolitischer Ma\u00dfnahmen, die Ziele zur Erhaltung der biologischen Vielfalt, der Umwelt oder sogar von Zahlungen f\u00fcr \u00d6kosystemleistungen beinhalten, zu fordern und zu unterst\u00fctzen. Auf die Agrarpolitik entfallen 40 % des gesamten EU-Haushalts. Eine sinnvolle Verwendung dieses Budgets kann nicht nur auf die Rettung der europ\u00e4ischen V\u00f6gel, sondern auch auf die \u00fcbrige biologische Vielfalt in Europa Einfluss haben.\u00a0<br><br><\/p>\n\n\n\n<p>Als Verbraucher ist der erste wichtige Schritt auf Biolandwirtschaft zu setzten, die auf Pestizide und D\u00fcnger auf synthetischer Basis verzichten, da sie die Vogelwelt am meisten belasten. Ein weiterer Schritt w\u00e4re es, als Verbraucher nachhaltige Anbau- und Konsummodelle zu w\u00e4hlen, die dem Schutz der Natur Rechnung tragen. Durch aktives Unterst\u00fctzen dieser Formen der Landwirtschaft, kann die Rentabilit\u00e4t dieser biodiversit\u00e4tsfreundlichen Produktionsmodelle und Anbaumethoden erh\u00f6ht werden, sodass sie f\u00fcr alle Menschen zug\u00e4nglicher werden.<br><br><\/p>\n\n\n\n<p>Zu diesen Modellen geh\u00f6ren zum Beispiel die regenerative Landwirtschaft und die Agroforstwirtschaft. Beide umfassen eine Reihe von Landbewirtschaftungspraktiken, die darauf abzielen, die biologische Vielfalt in der landwirtschaftlichen Umwelt zu erhalten und zu verbessern. Durch das Bestehen lassen und anlegen von Str\u00e4uchern und B\u00e4umen, die in den Anbau integriert werden, wird zum Beispiel Lebensraum f\u00fcr V\u00f6gel geschaffen. Auch der Anbau von Zwischenfr\u00fcchten, die integrierte Sch\u00e4dlingsbek\u00e4mpfung oder eine reduzierte Bodenbearbeitung k\u00f6nnen dazu beitragen, das Vorkommen wirbelloser Tiere zu erhalten und f\u00f6rdern, die f\u00fcr den Boden n\u00fctzlich sind und eine Nahrungsquelle f\u00fcr V\u00f6gel darstellen.<br><br><\/p>\n\n\n\n<p>Juan Carlos warnt, wie wichtig es ist, folgendes zu beachten: &#8222;<em>Wir wissen so gut \u00fcber V\u00f6gel Bescheid, weil sie eine der besterforschten Tiergruppen sind. Das birgt allerdings das Problem, dass die Situation bei Insekten, S\u00e4ugetieren und Amphibien \u00e4hnlich oder in einigen F\u00e4llen sogar noch gravierender sein kann. Insekten sind viel weniger erforscht als V\u00f6gel. F\u00fcr V\u00f6gel gibt es seit vielen Jahren \u00dcberwachungsprogramme und Bestandserhebungen, sodass es leichter f\u00e4llt, Trends und Wachstum zu bewerten und sie eingehender zu untersuchen. Bei Tierarten wie Insekten, Spinnentieren und anderen wirbellosen Tieren liegen jedoch viel weniger Informationen vor.<\/em>\u201d<br><br><\/p>\n\n\n\n<figure class=\"wp-block-image size-large\"><img decoding=\"async\" src=\"https:\/\/www.crowdfarming.com\/what-the-field\/wp-content\/uploads\/2025\/12\/Finca-2-1-1-1024x512.jpg\" alt=\"\" class=\"wp-image-19163\"\/><\/figure>\n\n\n\n<p><br><\/p>\n\n\n\n<p>Abschlie\u00dfend m\u00f6chten wir euch mit einigen weisen Worte unseres Freundes Juan Carlos, der Landwirt und Vogelsch\u00fctzer ist, zum Nachdenken anregend:<br><br><\/p>\n\n\n\n<p>&#8222;<em>Es ist gut, V\u00f6gel sozusagen als Flagge zu benutzen, denn viele technische Daten, wissenschaftliche Studien und Argumente, rechtfertigen die Notwendigkeit, sich f\u00fcr den Erhalt biologischer Vielfalt einzusetzen. V\u00f6gel haben die Funktion eines Alarmsignals, das anschl\u00e4gt, wenn sich etwas auf globaler Ebene ver\u00e4ndert, sie dienen uns also dazu, Ma\u00dfnahmen zu ergreifen zu k\u00f6nnen<\/em>&#8222;.<br><br><br><\/p>\n\n\n\n<div class=\"wp-block-buttons is-content-justification-center is-layout-flex wp-container-core-buttons-is-layout-16018d1d wp-block-buttons-is-layout-flex\">\n<div class=\"wp-block-button\"><a class=\"wp-block-button__link has-background\" href=\"https:\/\/www.crowdfarming.com\/de\/farmer\/riet-vell\/up\/comprar-arroz-ecologico-riet-vell\" style=\"background-color:#5d9e9b\" target=\"_blank\" rel=\"noreferrer noopener\">Riet Vell<\/a><\/div>\n<\/div>\n\n\n\n<p><br><br><\/p>\n\n\n\n<p>Quellen:<\/p>\n\n\n\n<ul class=\"wp-block-list\"><li>Rigal, S., Dakos, V., Alonso, H., Auni\u0146\u0161, A., Benk\u0151, Z., Brotons, L., Chodkiewicz, T., Chylarecki, P., de Carli, E., del Moral, J. C., Dom\u015fa, C., Escandell, V., Fontaine, B., Foppen, R., Gregory, R., Harris, S., Herrando, S., Husby, M., Ieronymidou, C., Devictor, V. (2023). Farmland practices are driving bird population decline across Europe. <em>Proceedings of the National Academy of Sciences<\/em>, <em>120<\/em>(21). https:\/\/doi.org\/10.1073\/pnas.2216573120&nbsp;<\/li><li>McLaughlin, A., &amp; Mineau, P. (1995). The impact of agricultural practices on Biodiversity. <em>Agriculture, Ecosystems &amp; Environment<\/em>, <em>55<\/em>(3), 201\u2013212. https:\/\/doi.org\/10.1016\/0167-8809(95)00609-v&nbsp;<\/li><li><em>Seo birdlife &#8211; sociedad espa\u00f1ola de ornitolog\u00eda<\/em>. SEO\/BirdLife. (2023, May).&nbsp;<\/li><\/ul>\n","protected":false},"excerpt":{"rendered":"<p>V\u00f6gel machen die gr\u00f6\u00dfte Gruppe an Landwirbeltieren aus und sind somit von gro\u00dfer Bedeutung f\u00fcr das Funktionieren der meisten \u00d6kosysteme: Best\u00e4ubung und Samenverbreitung, Sch\u00e4dlingsbek\u00e4mpfung und Mobilisierung von N\u00e4hrstoffkreisl\u00e4ufen sind nur einige der Leistungen, die sie erbringen. Seit Jahren k\u00f6nnen wir beobachten, wie die Vogelpopulationen drastisch zur\u00fcckgehen. In der Tat ist dieser R\u00fcckgang der Vogelpopulation von [&hellip;]<\/p>\n","protected":false},"author":221,"featured_media":21073,"comment_status":"closed","ping_status":"closed","sticky":false,"template":"","format":"standard","meta":{"_acf_changed":false,"inline_featured_image":false,"footnotes":""},"categories":[506],"tags":[1174,1080,1039],"class_list":["post-21068","post","type-post","status-publish","format-standard","has-post-thumbnail","hentry","category-gesellschaft","tag-landwirbeltieren","tag-regenerative-landwirtschaft","tag-crowdfarming"],"acf":[],"yoast_head":"<!-- This site is optimized with the Yoast SEO plugin v27.5 - https:\/\/yoast.com\/product\/yoast-seo-wordpress\/ -->\n<title>Ist die Landwirtschaft das Ende f\u00fcr unsere V\u00f6gel? - WTF<\/title>\n<meta name=\"description\" content=\"V\u00f6gel machen die gr\u00f6\u00dfte Gruppe an Landwirbeltieren aus und sind somit von gro\u00dfer Bedeutung f\u00fcr das Funktionieren der meisten \u00d6kosysteme: Best\u00e4ubung und Samenverbreitung, Sch\u00e4dlingsbek\u00e4mpfung und Mobilisierung von N\u00e4hrstoffkreisl\u00e4ufen sind nur einige der Leistungen, die sie erbringen.\" \/>\n<meta name=\"robots\" content=\"index, follow, max-snippet:-1, max-image-preview:large, max-video-preview:-1\" \/>\n<link rel=\"canonical\" href=\"https:\/\/www.crowdfarming.com\/de\/what-the-field\/gesellschaft\/ist-die-landwirtschaft-das-ende-fuer-unsere-voegel\/\" \/>\n<meta property=\"og:locale\" content=\"de_DE\" \/>\n<meta property=\"og:type\" content=\"article\" \/>\n<meta property=\"og:title\" content=\"Ist die Landwirtschaft das Ende f\u00fcr unsere V\u00f6gel? - WTF\" \/>\n<meta property=\"og:description\" content=\"V\u00f6gel machen die gr\u00f6\u00dfte Gruppe an Landwirbeltieren aus und sind somit von gro\u00dfer Bedeutung f\u00fcr das Funktionieren der meisten \u00d6kosysteme: Best\u00e4ubung und Samenverbreitung, Sch\u00e4dlingsbek\u00e4mpfung und Mobilisierung von N\u00e4hrstoffkreisl\u00e4ufen sind nur einige der Leistungen, die sie erbringen.\" \/>\n<meta property=\"og:url\" content=\"https:\/\/www.crowdfarming.com\/de\/what-the-field\/gesellschaft\/ist-die-landwirtschaft-das-ende-fuer-unsere-voegel\/\" \/>\n<meta property=\"og:site_name\" content=\"WTF\" \/>\n<meta property=\"article:published_time\" content=\"2023-06-28T11:50:04+00:00\" \/>\n<meta property=\"article:modified_time\" content=\"2025-12-19T15:26:03+00:00\" \/>\n<meta property=\"og:image\" content=\"https:\/\/www.crowdfarming.com\/what-the-field\/wp-content\/uploads\/2023\/06\/Datos-1-1-1024x512-1.png\" \/>\n\t<meta property=\"og:image:width\" content=\"1024\" \/>\n\t<meta property=\"og:image:height\" content=\"512\" \/>\n\t<meta property=\"og:image:type\" content=\"image\/png\" \/>\n<meta name=\"author\" content=\"Fran Aparicio\" \/>\n<meta name=\"twitter:card\" content=\"summary_large_image\" \/>\n<meta name=\"twitter:label1\" content=\"Verfasst von\" \/>\n\t<meta name=\"twitter:data1\" content=\"Fran Aparicio\" \/>\n\t<meta name=\"twitter:label2\" content=\"Gesch\u00e4tzte Lesezeit\" \/>\n\t<meta name=\"twitter:data2\" content=\"8\u00a0Minuten\" \/>\n<script type=\"application\/ld+json\" class=\"yoast-schema-graph\">{\"@context\":\"https:\\\/\\\/schema.org\",\"@graph\":[{\"@type\":\"Article\",\"@id\":\"https:\\\/\\\/www.crowdfarming.com\\\/de\\\/what-the-field\\\/gesellschaft\\\/ist-die-landwirtschaft-das-ende-fuer-unsere-voegel\\\/#article\",\"isPartOf\":{\"@id\":\"https:\\\/\\\/www.crowdfarming.com\\\/de\\\/what-the-field\\\/gesellschaft\\\/ist-die-landwirtschaft-das-ende-fuer-unsere-voegel\\\/\"},\"author\":{\"name\":\"Fran Aparicio\",\"@id\":\"https:\\\/\\\/laruchequiditoui.fr\\\/fr\\\/what-the-field\\\/#\\\/schema\\\/person\\\/734f37537d67afa4d7447aeb210c1a70\"},\"headline\":\"Ist die Landwirtschaft das Ende f\u00fcr unsere V\u00f6gel?\",\"datePublished\":\"2023-06-28T11:50:04+00:00\",\"dateModified\":\"2025-12-19T15:26:03+00:00\",\"mainEntityOfPage\":{\"@id\":\"https:\\\/\\\/www.crowdfarming.com\\\/de\\\/what-the-field\\\/gesellschaft\\\/ist-die-landwirtschaft-das-ende-fuer-unsere-voegel\\\/\"},\"wordCount\":1631,\"image\":{\"@id\":\"https:\\\/\\\/www.crowdfarming.com\\\/de\\\/what-the-field\\\/gesellschaft\\\/ist-die-landwirtschaft-das-ende-fuer-unsere-voegel\\\/#primaryimage\"},\"thumbnailUrl\":\"https:\\\/\\\/www.crowdfarming.com\\\/what-the-field\\\/wp-content\\\/uploads\\\/2023\\\/06\\\/Datos-1-1-1024x512-1.png\",\"keywords\":[\"Landwirbeltieren\",\"regenerativ-biologische Landwirtschaft\",\"CrowdFarming\"],\"articleSection\":[\"Gesellschaft\"],\"inLanguage\":\"de\"},{\"@type\":\"WebPage\",\"@id\":\"https:\\\/\\\/www.crowdfarming.com\\\/de\\\/what-the-field\\\/gesellschaft\\\/ist-die-landwirtschaft-das-ende-fuer-unsere-voegel\\\/\",\"url\":\"https:\\\/\\\/www.crowdfarming.com\\\/de\\\/what-the-field\\\/gesellschaft\\\/ist-die-landwirtschaft-das-ende-fuer-unsere-voegel\\\/\",\"name\":\"Ist die Landwirtschaft das Ende f\u00fcr unsere V\u00f6gel? - WTF\",\"isPartOf\":{\"@id\":\"https:\\\/\\\/laruchequiditoui.fr\\\/fr\\\/what-the-field\\\/#website\"},\"primaryImageOfPage\":{\"@id\":\"https:\\\/\\\/www.crowdfarming.com\\\/de\\\/what-the-field\\\/gesellschaft\\\/ist-die-landwirtschaft-das-ende-fuer-unsere-voegel\\\/#primaryimage\"},\"image\":{\"@id\":\"https:\\\/\\\/www.crowdfarming.com\\\/de\\\/what-the-field\\\/gesellschaft\\\/ist-die-landwirtschaft-das-ende-fuer-unsere-voegel\\\/#primaryimage\"},\"thumbnailUrl\":\"https:\\\/\\\/www.crowdfarming.com\\\/what-the-field\\\/wp-content\\\/uploads\\\/2023\\\/06\\\/Datos-1-1-1024x512-1.png\",\"datePublished\":\"2023-06-28T11:50:04+00:00\",\"dateModified\":\"2025-12-19T15:26:03+00:00\",\"author\":{\"@id\":\"https:\\\/\\\/laruchequiditoui.fr\\\/fr\\\/what-the-field\\\/#\\\/schema\\\/person\\\/734f37537d67afa4d7447aeb210c1a70\"},\"description\":\"V\u00f6gel machen die gr\u00f6\u00dfte Gruppe an Landwirbeltieren aus und sind somit von gro\u00dfer Bedeutung f\u00fcr das Funktionieren der meisten \u00d6kosysteme: Best\u00e4ubung und Samenverbreitung, Sch\u00e4dlingsbek\u00e4mpfung und Mobilisierung von N\u00e4hrstoffkreisl\u00e4ufen sind nur einige der Leistungen, die sie erbringen.\",\"breadcrumb\":{\"@id\":\"https:\\\/\\\/www.crowdfarming.com\\\/de\\\/what-the-field\\\/gesellschaft\\\/ist-die-landwirtschaft-das-ende-fuer-unsere-voegel\\\/#breadcrumb\"},\"inLanguage\":\"de\",\"potentialAction\":[{\"@type\":\"ReadAction\",\"target\":[\"https:\\\/\\\/www.crowdfarming.com\\\/de\\\/what-the-field\\\/gesellschaft\\\/ist-die-landwirtschaft-das-ende-fuer-unsere-voegel\\\/\"]}]},{\"@type\":\"ImageObject\",\"inLanguage\":\"de\",\"@id\":\"https:\\\/\\\/www.crowdfarming.com\\\/de\\\/what-the-field\\\/gesellschaft\\\/ist-die-landwirtschaft-das-ende-fuer-unsere-voegel\\\/#primaryimage\",\"url\":\"https:\\\/\\\/www.crowdfarming.com\\\/what-the-field\\\/wp-content\\\/uploads\\\/2023\\\/06\\\/Datos-1-1-1024x512-1.png\",\"contentUrl\":\"https:\\\/\\\/www.crowdfarming.com\\\/what-the-field\\\/wp-content\\\/uploads\\\/2023\\\/06\\\/Datos-1-1-1024x512-1.png\",\"width\":1024,\"height\":512},{\"@type\":\"BreadcrumbList\",\"@id\":\"https:\\\/\\\/www.crowdfarming.com\\\/de\\\/what-the-field\\\/gesellschaft\\\/ist-die-landwirtschaft-das-ende-fuer-unsere-voegel\\\/#breadcrumb\",\"itemListElement\":[{\"@type\":\"ListItem\",\"position\":1,\"name\":\"Home\",\"item\":\"https:\\\/\\\/www.crowdfarming.com\\\/de\\\/what-the-field\\\/\"},{\"@type\":\"ListItem\",\"position\":2,\"name\":\"Ist die Landwirtschaft das Ende f\u00fcr unsere V\u00f6gel?\"}]},{\"@type\":\"WebSite\",\"@id\":\"https:\\\/\\\/laruchequiditoui.fr\\\/fr\\\/what-the-field\\\/#website\",\"url\":\"https:\\\/\\\/laruchequiditoui.fr\\\/fr\\\/what-the-field\\\/\",\"name\":\"WTF\",\"description\":\"\",\"potentialAction\":[{\"@type\":\"SearchAction\",\"target\":{\"@type\":\"EntryPoint\",\"urlTemplate\":\"https:\\\/\\\/laruchequiditoui.fr\\\/fr\\\/what-the-field\\\/?s={search_term_string}\"},\"query-input\":{\"@type\":\"PropertyValueSpecification\",\"valueRequired\":true,\"valueName\":\"search_term_string\"}}],\"inLanguage\":\"de\"},{\"@type\":\"Person\",\"@id\":\"https:\\\/\\\/laruchequiditoui.fr\\\/fr\\\/what-the-field\\\/#\\\/schema\\\/person\\\/734f37537d67afa4d7447aeb210c1a70\",\"name\":\"Fran Aparicio\",\"image\":{\"@type\":\"ImageObject\",\"inLanguage\":\"de\",\"@id\":\"https:\\\/\\\/www.crowdfarming.com\\\/what-the-field\\\/wp-content\\\/uploads\\\/2026\\\/01\\\/fran-150x150.jpg\",\"url\":\"https:\\\/\\\/www.crowdfarming.com\\\/what-the-field\\\/wp-content\\\/uploads\\\/2026\\\/01\\\/fran-150x150.jpg\",\"contentUrl\":\"https:\\\/\\\/www.crowdfarming.com\\\/what-the-field\\\/wp-content\\\/uploads\\\/2026\\\/01\\\/fran-150x150.jpg\",\"caption\":\"Fran Aparicio\"},\"description\":\"Fran Aparicio coordinates Regenerative Agriculture at CrowdFarming, which mostly means he spends his days trying to make farmers, scientists and data people agree on what \u201chealthy soil\u201d actually means. He lives somewhere between muddy boots and research papers, translating field reality into something you can measure (and hopefully improve).\",\"url\":\"https:\\\/\\\/www.crowdfarming.com\\\/what-the-field\\\/de\\\/author\\\/fran-aparicio\\\/\"}]}<\/script>\n<!-- \/ Yoast SEO plugin. -->","yoast_head_json":{"title":"Ist die Landwirtschaft das Ende f\u00fcr unsere V\u00f6gel? - WTF","description":"V\u00f6gel machen die gr\u00f6\u00dfte Gruppe an Landwirbeltieren aus und sind somit von gro\u00dfer Bedeutung f\u00fcr das Funktionieren der meisten \u00d6kosysteme: Best\u00e4ubung und Samenverbreitung, Sch\u00e4dlingsbek\u00e4mpfung und Mobilisierung von N\u00e4hrstoffkreisl\u00e4ufen sind nur einige der Leistungen, die sie erbringen.","robots":{"index":"index","follow":"follow","max-snippet":"max-snippet:-1","max-image-preview":"max-image-preview:large","max-video-preview":"max-video-preview:-1"},"canonical":"https:\/\/www.crowdfarming.com\/de\/what-the-field\/gesellschaft\/ist-die-landwirtschaft-das-ende-fuer-unsere-voegel\/","og_locale":"de_DE","og_type":"article","og_title":"Ist die Landwirtschaft das Ende f\u00fcr unsere V\u00f6gel? - WTF","og_description":"V\u00f6gel machen die gr\u00f6\u00dfte Gruppe an Landwirbeltieren aus und sind somit von gro\u00dfer Bedeutung f\u00fcr das Funktionieren der meisten \u00d6kosysteme: Best\u00e4ubung und Samenverbreitung, Sch\u00e4dlingsbek\u00e4mpfung und Mobilisierung von N\u00e4hrstoffkreisl\u00e4ufen sind nur einige der Leistungen, die sie erbringen.","og_url":"https:\/\/www.crowdfarming.com\/de\/what-the-field\/gesellschaft\/ist-die-landwirtschaft-das-ende-fuer-unsere-voegel\/","og_site_name":"WTF","article_published_time":"2023-06-28T11:50:04+00:00","article_modified_time":"2025-12-19T15:26:03+00:00","og_image":[{"width":1024,"height":512,"url":"https:\/\/www.crowdfarming.com\/what-the-field\/wp-content\/uploads\/2023\/06\/Datos-1-1-1024x512-1.png","type":"image\/png"}],"author":"Fran Aparicio","twitter_card":"summary_large_image","twitter_misc":{"Verfasst von":"Fran Aparicio","Gesch\u00e4tzte Lesezeit":"8\u00a0Minuten"},"schema":{"@context":"https:\/\/schema.org","@graph":[{"@type":"Article","@id":"https:\/\/www.crowdfarming.com\/de\/what-the-field\/gesellschaft\/ist-die-landwirtschaft-das-ende-fuer-unsere-voegel\/#article","isPartOf":{"@id":"https:\/\/www.crowdfarming.com\/de\/what-the-field\/gesellschaft\/ist-die-landwirtschaft-das-ende-fuer-unsere-voegel\/"},"author":{"name":"Fran Aparicio","@id":"https:\/\/laruchequiditoui.fr\/fr\/what-the-field\/#\/schema\/person\/734f37537d67afa4d7447aeb210c1a70"},"headline":"Ist die Landwirtschaft das Ende f\u00fcr unsere V\u00f6gel?","datePublished":"2023-06-28T11:50:04+00:00","dateModified":"2025-12-19T15:26:03+00:00","mainEntityOfPage":{"@id":"https:\/\/www.crowdfarming.com\/de\/what-the-field\/gesellschaft\/ist-die-landwirtschaft-das-ende-fuer-unsere-voegel\/"},"wordCount":1631,"image":{"@id":"https:\/\/www.crowdfarming.com\/de\/what-the-field\/gesellschaft\/ist-die-landwirtschaft-das-ende-fuer-unsere-voegel\/#primaryimage"},"thumbnailUrl":"https:\/\/www.crowdfarming.com\/what-the-field\/wp-content\/uploads\/2023\/06\/Datos-1-1-1024x512-1.png","keywords":["Landwirbeltieren","regenerativ-biologische Landwirtschaft","CrowdFarming"],"articleSection":["Gesellschaft"],"inLanguage":"de"},{"@type":"WebPage","@id":"https:\/\/www.crowdfarming.com\/de\/what-the-field\/gesellschaft\/ist-die-landwirtschaft-das-ende-fuer-unsere-voegel\/","url":"https:\/\/www.crowdfarming.com\/de\/what-the-field\/gesellschaft\/ist-die-landwirtschaft-das-ende-fuer-unsere-voegel\/","name":"Ist die Landwirtschaft das Ende f\u00fcr unsere V\u00f6gel? - WTF","isPartOf":{"@id":"https:\/\/laruchequiditoui.fr\/fr\/what-the-field\/#website"},"primaryImageOfPage":{"@id":"https:\/\/www.crowdfarming.com\/de\/what-the-field\/gesellschaft\/ist-die-landwirtschaft-das-ende-fuer-unsere-voegel\/#primaryimage"},"image":{"@id":"https:\/\/www.crowdfarming.com\/de\/what-the-field\/gesellschaft\/ist-die-landwirtschaft-das-ende-fuer-unsere-voegel\/#primaryimage"},"thumbnailUrl":"https:\/\/www.crowdfarming.com\/what-the-field\/wp-content\/uploads\/2023\/06\/Datos-1-1-1024x512-1.png","datePublished":"2023-06-28T11:50:04+00:00","dateModified":"2025-12-19T15:26:03+00:00","author":{"@id":"https:\/\/laruchequiditoui.fr\/fr\/what-the-field\/#\/schema\/person\/734f37537d67afa4d7447aeb210c1a70"},"description":"V\u00f6gel machen die gr\u00f6\u00dfte Gruppe an Landwirbeltieren aus und sind somit von gro\u00dfer Bedeutung f\u00fcr das Funktionieren der meisten \u00d6kosysteme: Best\u00e4ubung und Samenverbreitung, Sch\u00e4dlingsbek\u00e4mpfung und Mobilisierung von N\u00e4hrstoffkreisl\u00e4ufen sind nur einige der Leistungen, die sie erbringen.","breadcrumb":{"@id":"https:\/\/www.crowdfarming.com\/de\/what-the-field\/gesellschaft\/ist-die-landwirtschaft-das-ende-fuer-unsere-voegel\/#breadcrumb"},"inLanguage":"de","potentialAction":[{"@type":"ReadAction","target":["https:\/\/www.crowdfarming.com\/de\/what-the-field\/gesellschaft\/ist-die-landwirtschaft-das-ende-fuer-unsere-voegel\/"]}]},{"@type":"ImageObject","inLanguage":"de","@id":"https:\/\/www.crowdfarming.com\/de\/what-the-field\/gesellschaft\/ist-die-landwirtschaft-das-ende-fuer-unsere-voegel\/#primaryimage","url":"https:\/\/www.crowdfarming.com\/what-the-field\/wp-content\/uploads\/2023\/06\/Datos-1-1-1024x512-1.png","contentUrl":"https:\/\/www.crowdfarming.com\/what-the-field\/wp-content\/uploads\/2023\/06\/Datos-1-1-1024x512-1.png","width":1024,"height":512},{"@type":"BreadcrumbList","@id":"https:\/\/www.crowdfarming.com\/de\/what-the-field\/gesellschaft\/ist-die-landwirtschaft-das-ende-fuer-unsere-voegel\/#breadcrumb","itemListElement":[{"@type":"ListItem","position":1,"name":"Home","item":"https:\/\/www.crowdfarming.com\/de\/what-the-field\/"},{"@type":"ListItem","position":2,"name":"Ist die Landwirtschaft das Ende f\u00fcr unsere V\u00f6gel?"}]},{"@type":"WebSite","@id":"https:\/\/laruchequiditoui.fr\/fr\/what-the-field\/#website","url":"https:\/\/laruchequiditoui.fr\/fr\/what-the-field\/","name":"WTF","description":"","potentialAction":[{"@type":"SearchAction","target":{"@type":"EntryPoint","urlTemplate":"https:\/\/laruchequiditoui.fr\/fr\/what-the-field\/?s={search_term_string}"},"query-input":{"@type":"PropertyValueSpecification","valueRequired":true,"valueName":"search_term_string"}}],"inLanguage":"de"},{"@type":"Person","@id":"https:\/\/laruchequiditoui.fr\/fr\/what-the-field\/#\/schema\/person\/734f37537d67afa4d7447aeb210c1a70","name":"Fran Aparicio","image":{"@type":"ImageObject","inLanguage":"de","@id":"https:\/\/www.crowdfarming.com\/what-the-field\/wp-content\/uploads\/2026\/01\/fran-150x150.jpg","url":"https:\/\/www.crowdfarming.com\/what-the-field\/wp-content\/uploads\/2026\/01\/fran-150x150.jpg","contentUrl":"https:\/\/www.crowdfarming.com\/what-the-field\/wp-content\/uploads\/2026\/01\/fran-150x150.jpg","caption":"Fran Aparicio"},"description":"Fran Aparicio coordinates Regenerative Agriculture at CrowdFarming, which mostly means he spends his days trying to make farmers, scientists and data people agree on what \u201chealthy soil\u201d actually means. He lives somewhere between muddy boots and research papers, translating field reality into something you can measure (and hopefully improve).","url":"https:\/\/www.crowdfarming.com\/what-the-field\/de\/author\/fran-aparicio\/"}]}},"_links":{"self":[{"href":"https:\/\/www.crowdfarming.com\/what-the-field\/de\/wp-json\/wp\/v2\/posts\/21068","targetHints":{"allow":["GET"]}}],"collection":[{"href":"https:\/\/www.crowdfarming.com\/what-the-field\/de\/wp-json\/wp\/v2\/posts"}],"about":[{"href":"https:\/\/www.crowdfarming.com\/what-the-field\/de\/wp-json\/wp\/v2\/types\/post"}],"author":[{"embeddable":true,"href":"https:\/\/www.crowdfarming.com\/what-the-field\/de\/wp-json\/wp\/v2\/users\/221"}],"replies":[{"embeddable":true,"href":"https:\/\/www.crowdfarming.com\/what-the-field\/de\/wp-json\/wp\/v2\/comments?post=21068"}],"version-history":[{"count":1,"href":"https:\/\/www.crowdfarming.com\/what-the-field\/de\/wp-json\/wp\/v2\/posts\/21068\/revisions"}],"predecessor-version":[{"id":21074,"href":"https:\/\/www.crowdfarming.com\/what-the-field\/de\/wp-json\/wp\/v2\/posts\/21068\/revisions\/21074"}],"wp:featuredmedia":[{"embeddable":true,"href":"https:\/\/www.crowdfarming.com\/what-the-field\/de\/wp-json\/wp\/v2\/media\/21073"}],"wp:attachment":[{"href":"https:\/\/www.crowdfarming.com\/what-the-field\/de\/wp-json\/wp\/v2\/media?parent=21068"}],"wp:term":[{"taxonomy":"category","embeddable":true,"href":"https:\/\/www.crowdfarming.com\/what-the-field\/de\/wp-json\/wp\/v2\/categories?post=21068"},{"taxonomy":"post_tag","embeddable":true,"href":"https:\/\/www.crowdfarming.com\/what-the-field\/de\/wp-json\/wp\/v2\/tags?post=21068"}],"curies":[{"name":"wp","href":"https:\/\/api.w.org\/{rel}","templated":true}]}}